{"id":32672,"date":"2026-03-06T06:50:27","date_gmt":"2026-03-06T05:50:27","guid":{"rendered":"https:\/\/logisber.com\/?p=32672"},"modified":"2026-03-05T19:56:07","modified_gmt":"2026-03-05T18:56:07","slug":"sustentabilidade-eixo-logistica-global","status":"publish","type":"post","link":"https:\/\/logisber.com\/pt-br\/blog\/sustentabilidade-eixo-logistica-global","title":{"rendered":"Sustentabilidade como eixo da log\u00edstica global"},"content":{"rendered":"<p>Na Logisber, entendemos a log\u00edstica verde como um servi\u00e7o especializado e integrado \u00e0 nossa opera\u00e7\u00e3o di\u00e1ria. N\u00e3o se trata de uma declara\u00e7\u00e3o de princ\u00edpios, mas da forma como gerenciamos cada embarque internacional com crit\u00e9rios de efici\u00eancia, mensura\u00e7\u00e3o e responsabilidade ambiental.<\/p>\n<p>A sustentabilidade ocupa hoje um lugar priorit\u00e1rio na agenda empresarial e, no setor log\u00edstico, essa responsabilidade \u00e9 ainda mais relevante. O transporte internacional conecta mercados e garante o abastecimento de produtos essenciais, mas tamb\u00e9m gera impacto direto no meio ambiente. Por isso, trabalhamos para reduzi-lo de maneira real e mensur\u00e1vel.<\/p>\n<h3><strong>Log\u00edstica verde com a\u00e7\u00f5es concretas<\/strong><\/h3>\n<p>Um dos principais desafios da log\u00edstica sustent\u00e1vel \u00e9 a mensura\u00e7\u00e3o. Sem dados, n\u00e3o h\u00e1 melhoria poss\u00edvel.<\/p>\n<p>Por esse motivo, a Logisber inclui em suas faturas uma informa\u00e7\u00e3o essencial: <strong><a href=\"https:\/\/logisber.com\/en\/blog\/how-to-reduce-carbon-footprint-logistics\" target=\"_blank\" rel=\"noopener\">os quilogramas de di\u00f3xido de carbono gerados em cada embarque que gerenciamos. Junto aos dados operacionais habituais, como Incoterm, origem<\/a><\/strong>, destino, peso e volume, apresentamos de forma clara o impacto de CO2 associado ao transporte.<\/p>\n<p>Essa iniciativa refor\u00e7a nosso compromisso com a transpar\u00eancia e permite que as empresas integrem essas informa\u00e7\u00f5es em seus relat\u00f3rios de sustentabilidade, avaliem seu impacto real e tomem decis\u00f5es mais respons\u00e1veis em opera\u00e7\u00f5es futuras.<\/p>\n<p>Al\u00e9m da mensura\u00e7\u00e3o, atuamos na otimiza\u00e7\u00e3o cont\u00ednua dos processos log\u00edsticos. Analisamos rotas, modais de transporte e alternativas multimodais para aumentar a efici\u00eancia energ\u00e9tica. A digitaliza\u00e7\u00e3o de documentos e o acompanhamento em tempo real reduzem erros, evitam ocorr\u00eancias e minimizam movimenta\u00e7\u00f5es adicionais que elevam emiss\u00f5es e custos.<\/p>\n<p>Uma gest\u00e3o aduaneira rigorosa tamb\u00e9m faz parte dessa estrat\u00e9gia. Classifica\u00e7\u00e3o correta e planejamento adequado evitam reten\u00e7\u00f5es e atrasos que podem gerar impactos econ\u00f4micos e ambientais desnecess\u00e1rios.<\/p>\n<h3><strong>Mensurar, otimizar e acompanhar<\/strong><\/h3>\n<p>A <a href=\"https:\/\/logisber.com\/pt-br\/sectores\/logistica-verde\" target=\"_blank\" rel=\"noopener\"><strong>log\u00edstica verde<\/strong><\/a> na Logisber combina mensura\u00e7\u00e3o, otimiza\u00e7\u00e3o e suporte t\u00e9cnico. Apoiamos as empresas na avalia\u00e7\u00e3o de seu impacto global por meio de ferramentas espec\u00edficas de c\u00e1lculo da pegada de carbono, permitindo a defini\u00e7\u00e3o de metas de redu\u00e7\u00e3o realistas e alinhadas \u00e0s suas pol\u00edticas de sustentabilidade.<\/p>\n<p>A transi\u00e7\u00e3o para um modelo mais sustent\u00e1vel exige conhecimento regulat\u00f3rio, experi\u00eancia operacional e vis\u00e3o estrat\u00e9gica. Nossa equipe integra esses elementos em cada opera\u00e7\u00e3o internacional.<\/p>\n<h3><strong>Redu\u00e7\u00e3o de impacto e vantagem competitiva<\/strong><\/h3>\n<p>Adotar crit\u00e9rios de sustentabilidade na cadeia log\u00edstica gera benef\u00edcios que v\u00e3o al\u00e9m da quest\u00e3o ambiental. A otimiza\u00e7\u00e3o de processos melhora a efici\u00eancia operacional, reduz custos e fortalece a reputa\u00e7\u00e3o corporativa em um mercado cada vez mais exigente.<\/p>\n<p>Cada vez mais empresas exigem rastreabilidade e transpar\u00eancia de seus parceiros log\u00edsticos. Integrar dados de emiss\u00f5es em cada opera\u00e7\u00e3o permite avan\u00e7ar para modelos de gest\u00e3o mais respons\u00e1veis e preparados para futuras exig\u00eancias regulat\u00f3rias.<\/p>\n<p>A log\u00edstica sustent\u00e1vel faz parte do desenvolvimento competitivo de m\u00e9dio e longo prazo.<\/p>\n<p><img loading=\"lazy\" decoding=\"async\" width=\"750\" height=\"450\" class=\"aligncenter size-full wp-image-32635\" src=\"https:\/\/logisber.com\/contenido\/subidas\/2026\/03\/empresa-logistica-sostenibilidad-organizacion.jpg\" alt=\"empresa logistica sostenibilidad organizacion\" \/><\/p>\n<h2><strong>Um parceiro log\u00edstico comprometido<\/strong><\/h2>\n<p>Na Logisber, trabalhamos para que cada opera\u00e7\u00e3o internacional una efici\u00eancia, seguran\u00e7a e responsabilidade ambiental. Nosso objetivo \u00e9 apoiar as empresas em um processo cont\u00ednuo de melhoria, conectando suas necessidades log\u00edsticas a uma gest\u00e3o mais consciente do impacto gerado.<\/p>\n<p>Se sua empresa deseja avan\u00e7ar para um modelo de log\u00edstica verde com dados claros, planejamento t\u00e9cnico e vis\u00e3o estrat\u00e9gica, podemos ajudar a dar esse passo com rigor e transpar\u00eancia.<\/p>\n<p><a href=\"https:\/\/logisber.com\/pt-br\/contacto\" target=\"_blank\" rel=\"noopener\"><strong>Entre em contato com nossa equipe<\/strong><\/a> e analisaremos sua opera\u00e7\u00e3o para que cada embarque contribua para um futuro mais sustent\u00e1vel.<\/p>\n","protected":false},"excerpt":{"rendered":"Na Logisber, entendemos a log\u00edstica verde como um servi\u00e7o especializado e integrado \u00e0 nossa opera\u00e7\u00e3o di\u00e1ria. N\u00e3o se trata de uma declara\u00e7\u00e3o de princ\u00edpios, mas da forma como gerenciamos cada embarque internacional com crit\u00e9rios de efici\u00eancia, mensura\u00e7\u00e3o e responsabilidade ambiental. A sustentabilidade ocupa hoje um lugar priorit\u00e1rio na agenda empresarial e, no setor log\u00edstico, essa&#8230; <a class=\"view-article\" href=\"https:\/\/logisber.com\/pt-br\/blog\/sustentabilidade-eixo-logistica-global\">Ver artigo<\/a>","protected":false},"author":8,"featured_media":32639,"comment_status":"open","ping_status":"open","sticky":false,"template":"","format":"standard","meta":{"_acf_changed":false,"om_disable_all_campaigns":false,"_monsterinsights_skip_tracking":false,"_monsterinsights_sitenote_active":false,"_monsterinsights_sitenote_note":"","_monsterinsights_sitenote_category":0,"footnotes":""},"categories":[185],"tags":[504],"class_list":["post-32672","post","type-post","status-publish","format-standard","has-post-thumbnail","hentry","category-logistica-internacional-pt-br","tag-sustentabilidade"],"acf":[],"yoast_head":"<!-- This site is optimized with the Yoast SEO plugin v26.1.1 - https:\/\/yoast.com\/wordpress\/plugins\/seo\/ -->\n<title>Sustentabilidade como eixo da log\u00edstica global - Logisber<\/title>\n<meta name=\"description\" content=\"A sustentabilidade ocupa hoje um lugar priorit\u00e1rio na agenda empresarial e, no setor log\u00edstico, essa responsabilidade \u00e9 ainda mais relevante\" \/>\n<meta name=\"robots\" content=\"index, follow, max-snippet:-1, max-image-preview:large, max-video-preview:-1\" \/>\n<link rel=\"canonical\" href=\"https:\/\/logisber.com\/pt-br\/blog\/sustentabilidade-eixo-logistica-global\" \/>\n<meta property=\"og:locale\" content=\"pt_BR\" \/>\n<meta property=\"og:type\" content=\"article\" \/>\n<meta property=\"og:title\" content=\"Sustentabilidade como eixo da log\u00edstica global - Logisber\" \/>\n<meta property=\"og:description\" content=\"A sustentabilidade ocupa hoje um lugar priorit\u00e1rio na agenda empresarial e, no setor log\u00edstico, essa responsabilidade \u00e9 ainda mais relevante\" \/>\n<meta property=\"og:url\" content=\"https:\/\/logisber.com\/pt-br\/blog\/sustentabilidade-eixo-logistica-global\" \/>\n<meta property=\"og:site_name\" content=\"Logisber\" \/>\n<meta property=\"article:published_time\" content=\"2026-03-06T05:50:27+00:00\" \/>\n<meta property=\"og:image\" content=\"https:\/\/logisber.com\/contenido\/subidas\/2026\/03\/sostenibilidad-eje-de-logistica-global.jpg\" \/>\n\t<meta property=\"og:image:width\" content=\"1920\" \/>\n\t<meta property=\"og:image:height\" content=\"1080\" \/>\n\t<meta property=\"og:image:type\" content=\"image\/jpeg\" \/>\n<meta name=\"author\" content=\"Alba Huerga\" \/>\n<meta name=\"twitter:card\" content=\"summary_large_image\" \/>\n<meta name=\"twitter:image\" content=\"https:\/\/logisber.com\/contenido\/subidas\/2026\/03\/sostenibilidad-eje-de-logistica-global.jpg\" \/>\n<meta name=\"twitter:creator\" content=\"@logisber\" \/>\n<meta name=\"twitter:site\" content=\"@logisber\" \/>\n<meta name=\"twitter:label1\" content=\"Escrito por\" \/>\n\t<meta name=\"twitter:data1\" content=\"Alba Huerga\" \/>\n\t<meta name=\"twitter:label2\" content=\"Est. tempo de leitura\" \/>\n\t<meta name=\"twitter:data2\" content=\"3 minutos\" \/>\n<script type=\"application\/ld+json\" class=\"yoast-schema-graph\">{\"@context\":\"https:\/\/schema.org\",\"@graph\":[{\"@type\":\"WebPage\",\"@id\":\"https:\/\/logisber.com\/pt-br\/blog\/sustentabilidade-eixo-logistica-global\",\"url\":\"https:\/\/logisber.com\/pt-br\/blog\/sustentabilidade-eixo-logistica-global\",\"name\":\"Sustentabilidade como eixo da log\u00edstica global - Logisber\",\"isPartOf\":{\"@id\":\"https:\/\/logisber.com\/pt-br\/#website\"},\"primaryImageOfPage\":{\"@id\":\"https:\/\/logisber.com\/pt-br\/blog\/sustentabilidade-eixo-logistica-global#primaryimage\"},\"image\":{\"@id\":\"https:\/\/logisber.com\/pt-br\/blog\/sustentabilidade-eixo-logistica-global#primaryimage\"},\"thumbnailUrl\":\"https:\/\/logisber.com\/contenido\/subidas\/2026\/03\/sostenibilidad-eje-de-logistica-global.jpg\",\"datePublished\":\"2026-03-06T05:50:27+00:00\",\"author\":{\"@id\":\"https:\/\/logisber.com\/pt-br\/#\/schema\/person\/26b7dadf528c11394892d0a96d6f4272\"},\"description\":\"A sustentabilidade ocupa hoje um lugar priorit\u00e1rio na agenda empresarial e, no setor log\u00edstico, essa responsabilidade \u00e9 ainda mais relevante\",\"breadcrumb\":{\"@id\":\"https:\/\/logisber.com\/pt-br\/blog\/sustentabilidade-eixo-logistica-global#breadcrumb\"},\"inLanguage\":\"pt-BR\",\"potentialAction\":[{\"@type\":\"ReadAction\",\"target\":[\"https:\/\/logisber.com\/pt-br\/blog\/sustentabilidade-eixo-logistica-global\"]}]},{\"@type\":\"ImageObject\",\"inLanguage\":\"pt-BR\",\"@id\":\"https:\/\/logisber.com\/pt-br\/blog\/sustentabilidade-eixo-logistica-global#primaryimage\",\"url\":\"https:\/\/logisber.com\/contenido\/subidas\/2026\/03\/sostenibilidad-eje-de-logistica-global.jpg\",\"contentUrl\":\"https:\/\/logisber.com\/contenido\/subidas\/2026\/03\/sostenibilidad-eje-de-logistica-global.jpg\",\"width\":1920,\"height\":1080,\"caption\":\"sostenibilidad eje de log\u00edstica global\"},{\"@type\":\"BreadcrumbList\",\"@id\":\"https:\/\/logisber.com\/pt-br\/blog\/sustentabilidade-eixo-logistica-global#breadcrumb\",\"itemListElement\":[{\"@type\":\"ListItem\",\"position\":1,\"name\":\"Portada\",\"item\":\"https:\/\/logisber.com\/pt-br\"},{\"@type\":\"ListItem\",\"position\":2,\"name\":\"Sustentabilidade como eixo da log\u00edstica global\"}]},{\"@type\":\"WebSite\",\"@id\":\"https:\/\/logisber.com\/pt-br\/#website\",\"url\":\"https:\/\/logisber.com\/pt-br\/\",\"name\":\"Logisber\",\"description\":\"\",\"potentialAction\":[{\"@type\":\"SearchAction\",\"target\":{\"@type\":\"EntryPoint\",\"urlTemplate\":\"https:\/\/logisber.com\/pt-br\/?s={search_term_string}\"},\"query-input\":{\"@type\":\"PropertyValueSpecification\",\"valueRequired\":true,\"valueName\":\"search_term_string\"}}],\"inLanguage\":\"pt-BR\"},{\"@type\":\"Person\",\"@id\":\"https:\/\/logisber.com\/pt-br\/#\/schema\/person\/26b7dadf528c11394892d0a96d6f4272\",\"name\":\"Alba Huerga\",\"image\":{\"@type\":\"ImageObject\",\"inLanguage\":\"pt-BR\",\"@id\":\"https:\/\/logisber.com\/pt-br\/#\/schema\/person\/image\/\",\"url\":\"https:\/\/secure.gravatar.com\/avatar\/d6bc79d7bb812156642cd6981b807222b0b3547a0798f253d01a3a3a9912c346?s=96&d=mm&r=g\",\"contentUrl\":\"https:\/\/secure.gravatar.com\/avatar\/d6bc79d7bb812156642cd6981b807222b0b3547a0798f253d01a3a3a9912c346?s=96&d=mm&r=g\",\"caption\":\"Alba Huerga\"}}]}<\/script>\n<!-- \/ Yoast SEO plugin. -->","yoast_head_json":{"title":"Sustentabilidade como eixo da log\u00edstica global - Logisber","description":"A sustentabilidade ocupa hoje um lugar priorit\u00e1rio na agenda empresarial e, no setor log\u00edstico, essa responsabilidade \u00e9 ainda mais relevante","robots":{"index":"index","follow":"follow","max-snippet":"max-snippet:-1","max-image-preview":"max-image-preview:large","max-video-preview":"max-video-preview:-1"},"canonical":"https:\/\/logisber.com\/pt-br\/blog\/sustentabilidade-eixo-logistica-global","og_locale":"pt_BR","og_type":"article","og_title":"Sustentabilidade como eixo da log\u00edstica global - Logisber","og_description":"A sustentabilidade ocupa hoje um lugar priorit\u00e1rio na agenda empresarial e, no setor log\u00edstico, essa responsabilidade \u00e9 ainda mais relevante","og_url":"https:\/\/logisber.com\/pt-br\/blog\/sustentabilidade-eixo-logistica-global","og_site_name":"Logisber","article_published_time":"2026-03-06T05:50:27+00:00","og_image":[{"width":1920,"height":1080,"url":"https:\/\/logisber.com\/contenido\/subidas\/2026\/03\/sostenibilidad-eje-de-logistica-global.jpg","type":"image\/jpeg"}],"author":"Alba Huerga","twitter_card":"summary_large_image","twitter_image":"https:\/\/logisber.com\/contenido\/subidas\/2026\/03\/sostenibilidad-eje-de-logistica-global.jpg","twitter_creator":"@logisber","twitter_site":"@logisber","twitter_misc":{"Escrito por":"Alba Huerga","Est. tempo de leitura":"3 minutos"},"schema":{"@context":"https:\/\/schema.org","@graph":[{"@type":"WebPage","@id":"https:\/\/logisber.com\/pt-br\/blog\/sustentabilidade-eixo-logistica-global","url":"https:\/\/logisber.com\/pt-br\/blog\/sustentabilidade-eixo-logistica-global","name":"Sustentabilidade como eixo da log\u00edstica global - Logisber","isPartOf":{"@id":"https:\/\/logisber.com\/pt-br\/#website"},"primaryImageOfPage":{"@id":"https:\/\/logisber.com\/pt-br\/blog\/sustentabilidade-eixo-logistica-global#primaryimage"},"image":{"@id":"https:\/\/logisber.com\/pt-br\/blog\/sustentabilidade-eixo-logistica-global#primaryimage"},"thumbnailUrl":"https:\/\/logisber.com\/contenido\/subidas\/2026\/03\/sostenibilidad-eje-de-logistica-global.jpg","datePublished":"2026-03-06T05:50:27+00:00","author":{"@id":"https:\/\/logisber.com\/pt-br\/#\/schema\/person\/26b7dadf528c11394892d0a96d6f4272"},"description":"A sustentabilidade ocupa hoje um lugar priorit\u00e1rio na agenda empresarial e, no setor log\u00edstico, essa responsabilidade \u00e9 ainda mais relevante","breadcrumb":{"@id":"https:\/\/logisber.com\/pt-br\/blog\/sustentabilidade-eixo-logistica-global#breadcrumb"},"inLanguage":"pt-BR","potentialAction":[{"@type":"ReadAction","target":["https:\/\/logisber.com\/pt-br\/blog\/sustentabilidade-eixo-logistica-global"]}]},{"@type":"ImageObject","inLanguage":"pt-BR","@id":"https:\/\/logisber.com\/pt-br\/blog\/sustentabilidade-eixo-logistica-global#primaryimage","url":"https:\/\/logisber.com\/contenido\/subidas\/2026\/03\/sostenibilidad-eje-de-logistica-global.jpg","contentUrl":"https:\/\/logisber.com\/contenido\/subidas\/2026\/03\/sostenibilidad-eje-de-logistica-global.jpg","width":1920,"height":1080,"caption":"sostenibilidad eje de log\u00edstica global"},{"@type":"BreadcrumbList","@id":"https:\/\/logisber.com\/pt-br\/blog\/sustentabilidade-eixo-logistica-global#breadcrumb","itemListElement":[{"@type":"ListItem","position":1,"name":"Portada","item":"https:\/\/logisber.com\/pt-br"},{"@type":"ListItem","position":2,"name":"Sustentabilidade como eixo da log\u00edstica global"}]},{"@type":"WebSite","@id":"https:\/\/logisber.com\/pt-br\/#website","url":"https:\/\/logisber.com\/pt-br\/","name":"Logisber","description":"","potentialAction":[{"@type":"SearchAction","target":{"@type":"EntryPoint","urlTemplate":"https:\/\/logisber.com\/pt-br\/?s={search_term_string}"},"query-input":{"@type":"PropertyValueSpecification","valueRequired":true,"valueName":"search_term_string"}}],"inLanguage":"pt-BR"},{"@type":"Person","@id":"https:\/\/logisber.com\/pt-br\/#\/schema\/person\/26b7dadf528c11394892d0a96d6f4272","name":"Alba Huerga","image":{"@type":"ImageObject","inLanguage":"pt-BR","@id":"https:\/\/logisber.com\/pt-br\/#\/schema\/person\/image\/","url":"https:\/\/secure.gravatar.com\/avatar\/d6bc79d7bb812156642cd6981b807222b0b3547a0798f253d01a3a3a9912c346?s=96&d=mm&r=g","contentUrl":"https:\/\/secure.gravatar.com\/avatar\/d6bc79d7bb812156642cd6981b807222b0b3547a0798f253d01a3a3a9912c346?s=96&d=mm&r=g","caption":"Alba Huerga"}}]}},"_links":{"self":[{"href":"https:\/\/logisber.com\/pt-br\/wp-json\/wp\/v2\/posts\/32672","targetHints":{"allow":["GET"]}}],"collection":[{"href":"https:\/\/logisber.com\/pt-br\/wp-json\/wp\/v2\/posts"}],"about":[{"href":"https:\/\/logisber.com\/pt-br\/wp-json\/wp\/v2\/types\/post"}],"author":[{"embeddable":true,"href":"https:\/\/logisber.com\/pt-br\/wp-json\/wp\/v2\/users\/8"}],"replies":[{"embeddable":true,"href":"https:\/\/logisber.com\/pt-br\/wp-json\/wp\/v2\/comments?post=32672"}],"version-history":[{"count":2,"href":"https:\/\/logisber.com\/pt-br\/wp-json\/wp\/v2\/posts\/32672\/revisions"}],"predecessor-version":[{"id":32674,"href":"https:\/\/logisber.com\/pt-br\/wp-json\/wp\/v2\/posts\/32672\/revisions\/32674"}],"wp:featuredmedia":[{"embeddable":true,"href":"https:\/\/logisber.com\/pt-br\/wp-json\/wp\/v2\/media\/32639"}],"wp:attachment":[{"href":"https:\/\/logisber.com\/pt-br\/wp-json\/wp\/v2\/media?parent=32672"}],"wp:term":[{"taxonomy":"category","embeddable":true,"href":"https:\/\/logisber.com\/pt-br\/wp-json\/wp\/v2\/categories?post=32672"},{"taxonomy":"post_tag","embeddable":true,"href":"https:\/\/logisber.com\/pt-br\/wp-json\/wp\/v2\/tags?post=32672"}],"curies":[{"name":"wp","href":"https:\/\/api.w.org\/{rel}","templated":true}]}}